{"id":728,"date":"2023-06-21T16:47:51","date_gmt":"2023-06-21T14:47:51","guid":{"rendered":"https:\/\/ascamil.org\/balance-de-sant-jordi-2023\/"},"modified":"2023-06-21T16:47:51","modified_gmt":"2023-06-21T14:47:51","slug":"balance-de-sant-jordi-2023","status":"publish","type":"post","link":"https:\/\/ascamil.org\/es\/balance-de-sant-jordi-2023\/","title":{"rendered":"BALANCE DE SANT JORDI 2023"},"content":{"rendered":"<p class=\"alignnone\" style=\"text-align: center;\"><img loading=\"lazy\" decoding=\"async\" class=\"aligncenter size-full wp-image-294\" src=\"http:\/\/www.ascamil.org\/wp-content\/uploads\/2023\/06\/IMG-20230424-WA0008.jpg\" alt=\"IMG-20230424-WA0008\" width=\"868\" height=\"1156\"><\/p>\n<p class=\"alignnone\" style=\"text-align: center;\">Ya han pasado casi dos meses del d\u00eda de Sant Jordi, pero no queremos dejar pasar la ocasi\u00f3n de deciros que la carpa de nuestra Asociaci\u00f3n, en la esquina de Rambla Catalunya-Rossell\u00f3 de Barcelona, \u200b\u200bfue.<\/p>\n<h1 style=\"text-align: center;\"><span style=\"color: #ff0000;\"><strong>UN \u00c9XITO ROTUNDO!!<\/strong><\/span><\/h1>\n<p>de <strong>p\u00fablico<\/strong> , <\/p>\n<p>de <strong>autores<\/strong> firmando obras -\u00a1m\u00e1s de 50!- con largas colas,<\/p>\n<p>de <strong>libros vendidos<\/strong> : \u00a1m\u00e1s 400 ejemplares!,<\/p>\n<p>de <strong>rosas vendidas: \u00a1<\/strong> unas 800!<\/p>\n<p>de <strong>puntos de libro<\/strong> y <strong>manualidades<\/strong> hechos por nuestros chicos y chicas,<\/p>\n<p>de <strong>voluntarios<\/strong> colaborando para hacerlo posible y<\/p>\n<p>de <strong>amigos<\/strong> y <strong>familia<\/strong> que vinieron a visitarnos!<\/p>\n<h2 style=\"text-align: center;\"><strong>\u00a1Gracias a todos por hacerlo posible!<\/strong><\/h2>\n<div id=\"attachment_288\" style=\"width: 310px\" class=\"wp-caption alignleft\"><img loading=\"lazy\" decoding=\"async\" aria-describedby=\"caption-attachment-288\" class=\"size-medium wp-image-288\" src=\"http:\/\/www.ascamil.org\/wp-content\/uploads\/2023\/06\/IMG-20230423-WA0038-300x225.jpg\" alt=\"Un ambiente festivo presidi\u00f3 la jornada\" width=\"300\" height=\"225\"><p id=\"caption-attachment-288\" class=\"wp-caption-text\"><em>Un ambiente festivo presidi\u00f3 la jornada<\/em><\/p><\/div>\n<div id=\"attachment_295\" style=\"width: 235px\" class=\"wp-caption alignright\"><img loading=\"lazy\" decoding=\"async\" aria-describedby=\"caption-attachment-295\" class=\"size-medium wp-image-295\" src=\"http:\/\/www.ascamil.org\/wp-content\/uploads\/2023\/06\/IMG-20230424-WA0016-225x300.jpg\" alt=\"\u00a1Algunos autores tuvieron trabajo!\" width=\"225\" height=\"300\"><p id=\"caption-attachment-295\" class=\"wp-caption-text\">\u00a1Los autores tuvieron trabajo!<\/p><\/div>\n<div id=\"attachment_293\" style=\"width: 234px\" class=\"wp-caption alignleft\"><img loading=\"lazy\" decoding=\"async\" aria-describedby=\"caption-attachment-293\" class=\"size-medium wp-image-293\" src=\"http:\/\/www.ascamil.org\/wp-content\/uploads\/2023\/06\/IMG-20230424-WA0006-224x300.jpg\" alt=\"Personajes del mundo del periodismo, como Xavier Grasset, se interesaron por nuestro proyecto\" width=\"224\" height=\"300\"><p id=\"caption-attachment-293\" class=\"wp-caption-text\"><em>Personajes del mundo del periodismo, como Xavier Grasset, se interesaron por nuestro proyecto<\/em><\/p><\/div>\n<div id=\"attachment_289\" style=\"width: 2058px\" class=\"wp-caption aligncenter\"><img loading=\"lazy\" decoding=\"async\" aria-describedby=\"caption-attachment-289\" class=\"size-full wp-image-289\" src=\"http:\/\/www.ascamil.org\/wp-content\/uploads\/2023\/06\/IMG-20230423-WA0040.jpg\" alt=\"\u00a1Nuestros chicos y chicas, con amigos y familiares, no se lo perdieron!\" width=\"2048\" height=\"1538\"><p id=\"caption-attachment-289\" class=\"wp-caption-text\">\u00a1Nuestros chicos y chicas, con amigos y familiares, no se lo perdieron!<\/p><\/div>\n<div id=\"attachment_291\" style=\"width: 1010px\" class=\"wp-caption aligncenter\"><img loading=\"lazy\" decoding=\"async\" aria-describedby=\"caption-attachment-291\" class=\"size-full wp-image-291\" src=\"http:\/\/www.ascamil.org\/wp-content\/uploads\/2023\/06\/IMG-20230423-WA0047-e1687359971530.jpg\" alt=\"Puntos de libro y otras manualidades tuvieron tambi\u00e9n su sitio  \" width=\"1000\" height=\"1778\"><p id=\"caption-attachment-291\" class=\"wp-caption-text\">Puntos de libro y otras manualidades tuvieron tambi\u00e9n su sitio<\/p><\/div>\n<div id=\"attachment_292\" style=\"width: 1034px\" class=\"wp-caption aligncenter\"><img loading=\"lazy\" decoding=\"async\" aria-describedby=\"caption-attachment-292\" class=\"size-large wp-image-292\" src=\"http:\/\/www.ascamil.org\/wp-content\/uploads\/2023\/06\/IMG-20230423-WA0048-1024x768.jpg\" alt=\"Algunos de los voluntarios que lo hicieron posible, \u00a1mil gracias!\" width=\"1024\" height=\"768\"><p id=\"caption-attachment-292\" class=\"wp-caption-text\">\u00a1Gracias mil a voluntarios, autores y editoriales que apoy\u00f3 a nuestra Asociaci\u00f3n!<\/p><\/div>\n<p class=\"alignnone\"><!--more--><\/p>\n<p>&nbsp;<\/p>\n<p>&nbsp;<\/p>\n<p>&nbsp;<\/p>\n","protected":false},"excerpt":{"rendered":"<p>Ya han pasado casi dos meses del d\u00eda de Sant Jordi, pero no queremos dejar pasar la ocasi\u00f3n de deciros que la carpa de nuestra Asociaci\u00f3n, en la esquina de Rambla Catalunya-Rossell\u00f3 de Barcelona, \u200b\u200bfue. UN \u00c9XITO ROTUNDO!! de p\u00fablico , de autores firmando obras -\u00a1m\u00e1s de 50!- con largas colas, de libros vendidos : [&hellip;]<\/p>\n","protected":false},"author":1,"featured_media":729,"comment_status":"closed","ping_status":"closed","sticky":false,"template":"","format":"standard","meta":{"_et_pb_use_builder":"","_et_pb_old_content":"","_et_gb_content_width":"","footnotes":""},"categories":[23],"tags":[24],"class_list":["post-728","post","type-post","status-publish","format-standard","has-post-thumbnail","hentry","category-san-jorge","tag-san-jorge"],"_links":{"self":[{"href":"https:\/\/ascamil.org\/es\/wp-json\/wp\/v2\/posts\/728","targetHints":{"allow":["GET"]}}],"collection":[{"href":"https:\/\/ascamil.org\/es\/wp-json\/wp\/v2\/posts"}],"about":[{"href":"https:\/\/ascamil.org\/es\/wp-json\/wp\/v2\/types\/post"}],"author":[{"embeddable":true,"href":"https:\/\/ascamil.org\/es\/wp-json\/wp\/v2\/users\/1"}],"replies":[{"embeddable":true,"href":"https:\/\/ascamil.org\/es\/wp-json\/wp\/v2\/comments?post=728"}],"version-history":[{"count":0,"href":"https:\/\/ascamil.org\/es\/wp-json\/wp\/v2\/posts\/728\/revisions"}],"wp:featuredmedia":[{"embeddable":true,"href":"https:\/\/ascamil.org\/es\/wp-json\/wp\/v2\/media\/729"}],"wp:attachment":[{"href":"https:\/\/ascamil.org\/es\/wp-json\/wp\/v2\/media?parent=728"}],"wp:term":[{"taxonomy":"category","embeddable":true,"href":"https:\/\/ascamil.org\/es\/wp-json\/wp\/v2\/categories?post=728"},{"taxonomy":"post_tag","embeddable":true,"href":"https:\/\/ascamil.org\/es\/wp-json\/wp\/v2\/tags?post=728"}],"curies":[{"name":"wp","href":"https:\/\/api.w.org\/{rel}","templated":true}]}}