{"id":725,"date":"2017-02-12T21:03:00","date_gmt":"2017-02-12T20:03:00","guid":{"rendered":"https:\/\/ascamil.org\/convocatoria-asamblea-general-ordinaria-convocatoria-asamblea-general-ordinaria\/"},"modified":"2017-02-12T21:03:00","modified_gmt":"2017-02-12T20:03:00","slug":"convocatoria-asamblea-general-ordinaria-convocatoria-asamblea-general-ordinaria","status":"publish","type":"post","link":"https:\/\/ascamil.org\/es\/convocatoria-asamblea-general-ordinaria-convocatoria-asamblea-general-ordinaria\/","title":{"rendered":"Convocatoria Asamblea General Ordinaria- Convocatoria Asamblea general Ordinaria"},"content":{"rendered":"<p>Estimadas y Estimados,<\/p>\n<p>&nbsp;<\/p>\n<p>Ahora justo hace un a\u00f1o que nos constituyemos y es por este motivo que nos complace convocaros a la Asamblea General y Ordinaria de socios que tendr\u00e1 lugar el pr\u00f3ximo <strong>lunes 27 de<\/strong> <strong>febrero a las 17,15 h en el Taller<\/strong> , con el siguiente orden del d\u00eda:<\/p>\n<p>Breve resumen de las tareas logradas en este per\u00edodo en los \u00e1mbitos legal, de comunicaci\u00f3n, marketing, social y econ\u00f3mico de nuestra entidad.<\/p>\n<p>1- Proyectos que queremos llevar a cabo este 2017.<\/p>\n<p>2- Presentaci\u00f3n y aprobaci\u00f3n, en su caso, del presupuesto 2017.<\/p>\n<p>3- Estado de cuentas a d\u00eda de hoy.<\/p>\n<p>4- Ruegos y preguntas<\/p>\n<p>5- Pase del corto <em>\u201cY ahora, \u00bfqu\u00e9?\u201d<\/em> .<\/p>\n<p>Para todos aquellos que lo necesite, el personal del taller se har\u00e1 cargo de sus hijos\/as, tutelados\/as mientras dure la Asamblea.<\/p>\n<p>Os esperamos.<\/p>\n<p>Reciba un cordial saludo,<\/p>\n<p>LA JUNTA<\/p>\n<p>&nbsp;<\/p>\n","protected":false},"excerpt":{"rendered":"<p>Estimadas y Estimados, &nbsp; Ahora justo hace un a\u00f1o que nos constituyemos y es por este motivo que nos complace convocaros a la Asamblea General y Ordinaria de socios que tendr\u00e1 lugar el pr\u00f3ximo lunes 27 de febrero a las 17,15 h en el Taller , con el siguiente orden del d\u00eda: Breve resumen de [&hellip;]<\/p>\n","protected":false},"author":2,"featured_media":0,"comment_status":"closed","ping_status":"closed","sticky":false,"template":"","format":"standard","meta":{"_et_pb_use_builder":"","_et_pb_old_content":"","_et_gb_content_width":"","footnotes":""},"categories":[1],"tags":[],"class_list":["post-725","post","type-post","status-publish","format-standard","hentry","category-sin-categoria"],"_links":{"self":[{"href":"https:\/\/ascamil.org\/es\/wp-json\/wp\/v2\/posts\/725","targetHints":{"allow":["GET"]}}],"collection":[{"href":"https:\/\/ascamil.org\/es\/wp-json\/wp\/v2\/posts"}],"about":[{"href":"https:\/\/ascamil.org\/es\/wp-json\/wp\/v2\/types\/post"}],"author":[{"embeddable":true,"href":"https:\/\/ascamil.org\/es\/wp-json\/wp\/v2\/users\/2"}],"replies":[{"embeddable":true,"href":"https:\/\/ascamil.org\/es\/wp-json\/wp\/v2\/comments?post=725"}],"version-history":[{"count":0,"href":"https:\/\/ascamil.org\/es\/wp-json\/wp\/v2\/posts\/725\/revisions"}],"wp:attachment":[{"href":"https:\/\/ascamil.org\/es\/wp-json\/wp\/v2\/media?parent=725"}],"wp:term":[{"taxonomy":"category","embeddable":true,"href":"https:\/\/ascamil.org\/es\/wp-json\/wp\/v2\/categories?post=725"},{"taxonomy":"post_tag","embeddable":true,"href":"https:\/\/ascamil.org\/es\/wp-json\/wp\/v2\/tags?post=725"}],"curies":[{"name":"wp","href":"https:\/\/api.w.org\/{rel}","templated":true}]}}