{"id":723,"date":"2017-02-12T00:23:49","date_gmt":"2017-02-11T23:23:49","guid":{"rendered":"https:\/\/ascamil.org\/celebramos-el-premio-ciudad-de-barcelona-del-belen-viviente-de-la-torre-del-corcho-2016\/"},"modified":"2017-02-12T00:23:49","modified_gmt":"2017-02-11T23:23:49","slug":"celebramos-el-premio-ciudad-de-barcelona-del-belen-viviente-de-la-torre-del-corcho-2016","status":"publish","type":"post","link":"https:\/\/ascamil.org\/es\/celebramos-el-premio-ciudad-de-barcelona-del-belen-viviente-de-la-torre-del-corcho-2016\/","title":{"rendered":"Celebramos el Premio ciudad de Barcelona del Bel\u00e9n Viviente de la Torre del Corcho 2016"},"content":{"rendered":"<p>PESEBRE VIVIENTE DE LA TORRE DEL CORCHO<br \/>\n FIESTA CELEBRACI\u00d3N<br \/>\n PREMIO CIUDAD DE BARCELONA<br \/>\n CULTURA POPULAR Y TRADICIONAL<\/p>\n<p>Estimados\/as,<\/p>\n<p>Queremos compartir con todos vosotros la alegr\u00eda del premio, y nos gustar\u00eda<br \/>\n mucho que viniera y nos acompa\u00f1e el pr\u00f3ximo jueves 16 de febrero a la<br \/>\n tarde en la Sede del Distrito de Horta-Guinard\u00f3.<\/p>\n<p>Se har\u00e1 una proyecci\u00f3n en directo por Barcelona TV, en pantalla gigante,<br \/>\n del acto de entrega del premio y un refrigerio posterior, en espera<br \/>\n la llegada del premio y de las personas que lo han recogido.<\/p>\n<p>Horario de la Jornada:<br \/>\n 17:30 &#8211; 17:50.- Entrada en la Sede del Distrito &#8211; Sala Llu\u00eds Companys<br \/>\n 18:00.- Proyecci\u00f3n en Directo del acto de entrega y posterior refrigerio.<br \/>\n 20:00 (aprox) Llegada del Premio a la Sede del Distrito<\/p>\n<p>Lugar: Sede del Distrito de Horta \u2013 Guinard\u00f3<br \/>\n Ronda Guinard\u00f3, 49<br \/>\n Transportes: Metro Alfons X, Bus: H6, V21<\/p>\n<p>Os esperamos a todos !!!<\/p>\n","protected":false},"excerpt":{"rendered":"<p>PESEBRE VIVIENTE DE LA TORRE DEL CORCHO FIESTA CELEBRACI\u00d3N PREMIO CIUDAD DE BARCELONA CULTURA POPULAR Y TRADICIONAL Estimados\/as, Queremos compartir con todos vosotros la alegr\u00eda del premio, y nos gustar\u00eda mucho que viniera y nos acompa\u00f1e el pr\u00f3ximo jueves 16 de febrero a la tarde en la Sede del Distrito de Horta-Guinard\u00f3. Se har\u00e1 una [&hellip;]<\/p>\n","protected":false},"author":2,"featured_media":0,"comment_status":"closed","ping_status":"closed","sticky":false,"template":"","format":"standard","meta":{"_et_pb_use_builder":"","_et_pb_old_content":"","_et_gb_content_width":"","footnotes":""},"categories":[1],"tags":[],"class_list":["post-723","post","type-post","status-publish","format-standard","hentry","category-sin-categoria"],"_links":{"self":[{"href":"https:\/\/ascamil.org\/es\/wp-json\/wp\/v2\/posts\/723","targetHints":{"allow":["GET"]}}],"collection":[{"href":"https:\/\/ascamil.org\/es\/wp-json\/wp\/v2\/posts"}],"about":[{"href":"https:\/\/ascamil.org\/es\/wp-json\/wp\/v2\/types\/post"}],"author":[{"embeddable":true,"href":"https:\/\/ascamil.org\/es\/wp-json\/wp\/v2\/users\/2"}],"replies":[{"embeddable":true,"href":"https:\/\/ascamil.org\/es\/wp-json\/wp\/v2\/comments?post=723"}],"version-history":[{"count":0,"href":"https:\/\/ascamil.org\/es\/wp-json\/wp\/v2\/posts\/723\/revisions"}],"wp:attachment":[{"href":"https:\/\/ascamil.org\/es\/wp-json\/wp\/v2\/media?parent=723"}],"wp:term":[{"taxonomy":"category","embeddable":true,"href":"https:\/\/ascamil.org\/es\/wp-json\/wp\/v2\/categories?post=723"},{"taxonomy":"post_tag","embeddable":true,"href":"https:\/\/ascamil.org\/es\/wp-json\/wp\/v2\/tags?post=723"}],"curies":[{"name":"wp","href":"https:\/\/api.w.org\/{rel}","templated":true}]}}