{"id":722,"date":"2016-07-27T21:40:19","date_gmt":"2016-07-27T19:40:19","guid":{"rendered":"https:\/\/ascamil.org\/convocatoria-de-becas-comedor-para-socios-asociacion-amigos-de-san-camilo\/"},"modified":"2016-07-27T21:40:19","modified_gmt":"2016-07-27T19:40:19","slug":"convocatoria-de-becas-comedor-para-socios-asociacion-amigos-de-san-camilo","status":"publish","type":"post","link":"https:\/\/ascamil.org\/es\/convocatoria-de-becas-comedor-para-socios-asociacion-amigos-de-san-camilo\/","title":{"rendered":"Convocatoria de becas comedor para socios Asociaci\u00f3n Amigos de San Camilo"},"content":{"rendered":"<p>Amigos,<\/p>\n<p>Tenemos la satisfacci\u00f3n de informarnos que desde la Asociaci\u00f3n ya podemos cumplir uno de nuestros primeros objetivos: LA CONCESI\u00d3N DE BECAS COMEDOR para familias que atraviesan dificultades econ\u00f3micas.<\/p>\n<p>Proceso para solicitar la convocatoria de BECAS COMEDOR:<\/p>\n<ol>\n<li>Esta convocatoria se abre en fecha 25 de julio de 2016 y se cerrar\u00e1 el 30 de septiembre.<\/li>\n<li>La decisi\u00f3n sobre el otorgamiento de las becas solicitadas se realizar\u00e1 durante la primera quincena de octubre, y para aquellos que resulten beneficiarios de las mismas resultar\u00e1 retroactiva con efectos a partir de cinco de septiembre.<\/li>\n<li>El porcentaje becado previsto ser\u00e1 del 50% sobre el coste del servicio comedor, pudiendo legar a 75% en determinados casos.<\/li>\n<li>Estas becas estar\u00e1n referidas a once meses al a\u00f1o (agosto excluido). La concesi\u00f3n de la beca para septiembre a diciembre de 2016 se renovar\u00e1 autom\u00e1ticamente para todo el a\u00f1o 2017. <\/li>\n<li>Es obligado ser miembro asociado de la Asociaci\u00f3n de Amigos del Taller Escuela San Camilo para poder acceder a una beca.<\/li>\n<li>DOCUMENTACI\u00d3N NECESARIA A ADJUNTAR CON LA CONVOCATORIA DE BECAS COMEDOR:<\/li>\n<li>1-\u00daltima declaraci\u00f3n del Impuesto sobre la Renta de las Personas F\u00edsicas del tutor\/ra de todos los miembros de la unidad familiar del solicitante de la beca. En caso de que no haya obligaci\u00f3n de presentar dicha declaraci\u00f3n, deber\u00e1 aportarse certificado de imputaci\u00f3n de rentas del IRPF (lo expide la Hacienda Tributaria) <\/li>\n<li>2- Certificado de ayudas y\/o prestaciones derivadas de la Ley de la Dependencia.<\/li>\n<li>3- Acreditaci\u00f3n de percepci\u00f3n de pensiones y\/o prestaciones dentro de la unidad familiar del solicitante de la beca (se expide en Seguridad Social o Departamento de Bienestar y Familia, seg\u00fan sea).<\/li>\n<li>4- Certificado de convivencia.<\/li>\n<li>5- De forma opcional, justificantes de gastos a destacar dentro de la unidad familiar.<\/li>\n<\/ol>\n<p>Aquellos que est\u00e9s interesados, puede pedir un modelo de solicitud a Eulalia Molera, trabajadora social del centro.<\/p>\n","protected":false},"excerpt":{"rendered":"<p>Amigos, Tenemos la satisfacci\u00f3n de informarnos que desde la Asociaci\u00f3n ya podemos cumplir uno de nuestros primeros objetivos: LA CONCESI\u00d3N DE BECAS COMEDOR para familias que atraviesan dificultades econ\u00f3micas. Proceso para solicitar la convocatoria de BECAS COMEDOR: Esta convocatoria se abre en fecha 25 de julio de 2016 y se cerrar\u00e1 el 30 de septiembre. [&hellip;]<\/p>\n","protected":false},"author":2,"featured_media":0,"comment_status":"closed","ping_status":"closed","sticky":false,"template":"","format":"standard","meta":{"_et_pb_use_builder":"","_et_pb_old_content":"","_et_gb_content_width":"","footnotes":""},"categories":[1],"tags":[],"class_list":["post-722","post","type-post","status-publish","format-standard","hentry","category-sin-categoria"],"_links":{"self":[{"href":"https:\/\/ascamil.org\/es\/wp-json\/wp\/v2\/posts\/722","targetHints":{"allow":["GET"]}}],"collection":[{"href":"https:\/\/ascamil.org\/es\/wp-json\/wp\/v2\/posts"}],"about":[{"href":"https:\/\/ascamil.org\/es\/wp-json\/wp\/v2\/types\/post"}],"author":[{"embeddable":true,"href":"https:\/\/ascamil.org\/es\/wp-json\/wp\/v2\/users\/2"}],"replies":[{"embeddable":true,"href":"https:\/\/ascamil.org\/es\/wp-json\/wp\/v2\/comments?post=722"}],"version-history":[{"count":0,"href":"https:\/\/ascamil.org\/es\/wp-json\/wp\/v2\/posts\/722\/revisions"}],"wp:attachment":[{"href":"https:\/\/ascamil.org\/es\/wp-json\/wp\/v2\/media?parent=722"}],"wp:term":[{"taxonomy":"category","embeddable":true,"href":"https:\/\/ascamil.org\/es\/wp-json\/wp\/v2\/categories?post=722"},{"taxonomy":"post_tag","embeddable":true,"href":"https:\/\/ascamil.org\/es\/wp-json\/wp\/v2\/tags?post=722"}],"curies":[{"name":"wp","href":"https:\/\/api.w.org\/{rel}","templated":true}]}}