{"id":720,"date":"2016-06-26T20:02:47","date_gmt":"2016-06-26T18:02:47","guid":{"rendered":"https:\/\/ascamil.org\/asamblea-general-de-la-asociacion-20-de-junio-de-2016\/"},"modified":"2016-06-26T20:02:47","modified_gmt":"2016-06-26T18:02:47","slug":"asamblea-general-de-la-asociacion-20-de-junio-de-2016","status":"publish","type":"post","link":"https:\/\/ascamil.org\/es\/asamblea-general-de-la-asociacion-20-de-junio-de-2016\/","title":{"rendered":"Asamblea General de la Asociaci\u00f3n 20 de junio de 2016"},"content":{"rendered":"<p>El pasado 22 de junio tuvo lugar la primera Asamblea general de nuestra asociaci\u00f3n. En la misma se presentaron todos los objetivos marcados y conseguidos as\u00ed como los que tenemos previstos para el pr\u00f3ximo a\u00f1o. En resumen se trataron estos puntos:<br \/>\n 1- Memoria.<br \/>\n 2- Estado Actual.<br \/>\n 3- Proyectos.<br \/>\n 4- Ruegos y preguntas.<br \/>\n Pod\u00e9is descargar la presentaci\u00f3n completa clickando en este link: <a href=\"http:\/\/www.ascamil.org\/Assembleajuny2016.pdf\" rel=\"nofollow\">Presentaci\u00f3n Asamblea junio 2016<\/a>  <\/p>\n","protected":false},"excerpt":{"rendered":"<p>El pasado 22 de junio tuvo lugar la primera Asamblea general de nuestra asociaci\u00f3n. En la misma se presentaron todos los objetivos marcados y conseguidos as\u00ed como los que tenemos previstos para el pr\u00f3ximo a\u00f1o. En resumen se trataron estos puntos: 1- Memoria. 2- Estado Actual. 3- Proyectos. 4- Ruegos y preguntas. Pod\u00e9is descargar la [&hellip;]<\/p>\n","protected":false},"author":2,"featured_media":0,"comment_status":"closed","ping_status":"closed","sticky":false,"template":"","format":"standard","meta":{"_et_pb_use_builder":"","_et_pb_old_content":"","_et_gb_content_width":"","footnotes":""},"categories":[1],"tags":[],"class_list":["post-720","post","type-post","status-publish","format-standard","hentry","category-sin-categoria"],"_links":{"self":[{"href":"https:\/\/ascamil.org\/es\/wp-json\/wp\/v2\/posts\/720","targetHints":{"allow":["GET"]}}],"collection":[{"href":"https:\/\/ascamil.org\/es\/wp-json\/wp\/v2\/posts"}],"about":[{"href":"https:\/\/ascamil.org\/es\/wp-json\/wp\/v2\/types\/post"}],"author":[{"embeddable":true,"href":"https:\/\/ascamil.org\/es\/wp-json\/wp\/v2\/users\/2"}],"replies":[{"embeddable":true,"href":"https:\/\/ascamil.org\/es\/wp-json\/wp\/v2\/comments?post=720"}],"version-history":[{"count":0,"href":"https:\/\/ascamil.org\/es\/wp-json\/wp\/v2\/posts\/720\/revisions"}],"wp:attachment":[{"href":"https:\/\/ascamil.org\/es\/wp-json\/wp\/v2\/media?parent=720"}],"wp:term":[{"taxonomy":"category","embeddable":true,"href":"https:\/\/ascamil.org\/es\/wp-json\/wp\/v2\/categories?post=720"},{"taxonomy":"post_tag","embeddable":true,"href":"https:\/\/ascamil.org\/es\/wp-json\/wp\/v2\/tags?post=720"}],"curies":[{"name":"wp","href":"https:\/\/api.w.org\/{rel}","templated":true}]}}