{"id":719,"date":"2017-02-05T13:27:13","date_gmt":"2017-02-05T12:27:13","guid":{"rendered":"https:\/\/ascamil.org\/el-taller-escuela-sant-camil-ganador-del-premio-ciutat-de-barcelona-os-invitan-a-celebrarlo-todo-juntos\/"},"modified":"2017-02-05T13:27:13","modified_gmt":"2017-02-05T12:27:13","slug":"el-taller-escuela-sant-camil-ganador-del-premio-ciutat-de-barcelona-os-invitan-a-celebrarlo-todo-juntos","status":"publish","type":"post","link":"https:\/\/ascamil.org\/es\/el-taller-escuela-sant-camil-ganador-del-premio-ciutat-de-barcelona-os-invitan-a-celebrarlo-todo-juntos\/","title":{"rendered":"El Taller Escuela Sant Camil ganador del Premio Ciutat de Barcelona. Os invitan a celebrarlo todo juntos."},"content":{"rendered":"<p><strong>\u00a1Os invitamos a todos a celebrarlo todos junto el pr\u00f3ximo d\u00eda 16 de febrero en la Sede de Distrito de Horta-Guinardo!<\/strong><\/p>\n<p>Estimados\/as<\/p>\n<p>Hace unos momentos el Ayuntamiento de Barcelona ha comunicado que el Taller Escola Sant Camil ha sido galardonado con el Premio Ciudad de Barcelona en la <span class=\"text_exposed_hide\">\u2026<\/span> <span class=\"text_exposed_show\">categor\u00eda de Cultura Popular y Tradicional por el \u201cPesebre Viviente de la Torre del Corcho\u201d.<\/span> <\/p>\n<div class=\"text_exposed_show\">\n<p>Queremos agradecer este premio, al jurado, al que nos haya propuesto, al que ha considerado que nuestra propuesta era merecedora de ese reconocimiento. Nosotros los que formamos parte del Centro Ocupacional Taller Escola Sant Camil hoy nos sentimos inmensamente halagados, felices, y muy afortunados. <\/p>\n<p>Nosotros nunca hacemos las cosas solos, por eso queremos agradecer y compartir este premio con todos aquellos que suman voluntades y que han cre\u00eddo siempre que el \u201cPesebre Viviente de la Torre del Corcho\u201d era una propuesta de la cultura popular en may\u00fasculas, normalizada e inclusiva.<\/p>\n<p>A los patrocinadores que le hacen viable y que se han fidelizado edici\u00f3n tras edici\u00f3n. En los medios de comunicaci\u00f3n, radios, diarios digitales y de papel, televisiones, fot\u00f3grafos, dise\u00f1adores gr\u00e1ficos que siempre encuentran un rinc\u00f3n para nosotros y nos hacen de altavoz incondicional. En las entidades, asociaciones y organizaciones que nunca han tenido un no a todo lo que les hemos pedido.  <\/p>\n<p>A todos aquellos vecinos del Guinard\u00f3 que cuando hemos tenido ediciones dif\u00edciles se han puesto a nuestro lado, codo con codo llegando al recinto con mucho fr\u00edo, alguna vez en nieve, a remontar la representaci\u00f3n cuando la meteorolog\u00eda se hab\u00eda mostrado adversa y especialmente destructora. O sencillamente a hacernos compa\u00f1\u00eda en los momentos fat\u00eddicos de suspender la representaci\u00f3n, momentos han habido buenos y malos. <\/p>\n<p>En el Distrito Horta \u2013 Guinard\u00f3 siempre a nuestro lado, que hace manos y mangas para que la magia de este pesebre se materialice con no pocos esfuerzos en nuestras demandas.<\/p>\n<p>A la gran familia que formamos el Taller Escola Sant Camil, a los profesionales comprometidos, voluntarios, familiares, y como no los que hacen que la representaci\u00f3n tenga sentido, el verdadero motor y combustible de la propuesta y que hacen que el mensaje del pesebre llegue lejos, las personas con discapacidad intelectual que a\u00f1o tras a\u00f1o renuevan su compromiso con el pesebre, con esfuerzo y mucha, mucha ilusi\u00f3n.<\/p>\n<p>Ya lo ven, no terminar\u00edamos nunca. El secreto del \u201cPesebre Viviente de la Torre del Corcho\u201d es que ya es de todos y nosotros lo queremos as\u00ed. <\/p>\n<p>Este reconocimiento nos estimula a continuar la tarea, y ese camino normalizador que empezamos hace muchos a\u00f1os, m\u00e1s de cincuenta, de acompa\u00f1amiento a las personas con discapacidad intelectual. Y en este caso, m\u00e1s que nunca, queremos ser fieles a uno de los lemas de nuestro pesebre que dice que quiere ser \u201cnuestro regalo de Navidad en la Ciudad de Barcelona\u201d. <\/p>\n<p>Muchas Gracias<\/p>\n<p>**Norbert Foto<img loading=\"lazy\" decoding=\"async\" class=\"alignnone size-medium wp-image-248\" src=\"http:\/\/www.ascamil.org\/wp-content\/uploads\/2017\/02\/Sant-Camil-Pessebre-300x200.jpg\" alt=\"San Camilo Bel\u00e9n\" width=\"300\" height=\"200\"><\/p>\n<\/div>\n","protected":false},"excerpt":{"rendered":"<p>\u00a1Os invitamos a todos a celebrarlo todos junto el pr\u00f3ximo d\u00eda 16 de febrero en la Sede de Distrito de Horta-Guinardo! Estimados\/as Hace unos momentos el Ayuntamiento de Barcelona ha comunicado que el Taller Escola Sant Camil ha sido galardonado con el Premio Ciudad de Barcelona en la \u2026 categor\u00eda de Cultura Popular y Tradicional [&hellip;]<\/p>\n","protected":false},"author":2,"featured_media":721,"comment_status":"closed","ping_status":"closed","sticky":false,"template":"","format":"standard","meta":{"_et_pb_use_builder":"","_et_pb_old_content":"","_et_gb_content_width":"","footnotes":""},"categories":[1],"tags":[],"class_list":["post-719","post","type-post","status-publish","format-standard","has-post-thumbnail","hentry","category-sin-categoria"],"_links":{"self":[{"href":"https:\/\/ascamil.org\/es\/wp-json\/wp\/v2\/posts\/719","targetHints":{"allow":["GET"]}}],"collection":[{"href":"https:\/\/ascamil.org\/es\/wp-json\/wp\/v2\/posts"}],"about":[{"href":"https:\/\/ascamil.org\/es\/wp-json\/wp\/v2\/types\/post"}],"author":[{"embeddable":true,"href":"https:\/\/ascamil.org\/es\/wp-json\/wp\/v2\/users\/2"}],"replies":[{"embeddable":true,"href":"https:\/\/ascamil.org\/es\/wp-json\/wp\/v2\/comments?post=719"}],"version-history":[{"count":0,"href":"https:\/\/ascamil.org\/es\/wp-json\/wp\/v2\/posts\/719\/revisions"}],"wp:featuredmedia":[{"embeddable":true,"href":"https:\/\/ascamil.org\/es\/wp-json\/wp\/v2\/media\/721"}],"wp:attachment":[{"href":"https:\/\/ascamil.org\/es\/wp-json\/wp\/v2\/media?parent=719"}],"wp:term":[{"taxonomy":"category","embeddable":true,"href":"https:\/\/ascamil.org\/es\/wp-json\/wp\/v2\/categories?post=719"},{"taxonomy":"post_tag","embeddable":true,"href":"https:\/\/ascamil.org\/es\/wp-json\/wp\/v2\/tags?post=719"}],"curies":[{"name":"wp","href":"https:\/\/api.w.org\/{rel}","templated":true}]}}