{"id":716,"date":"2016-05-02T10:19:10","date_gmt":"2016-05-02T08:19:10","guid":{"rendered":"https:\/\/ascamil.org\/primera-salida-en-el-tibidabo-de-la-asociacion-de-amigos-de-san-camilo\/"},"modified":"2016-05-02T10:19:10","modified_gmt":"2016-05-02T08:19:10","slug":"primera-salida-en-el-tibidabo-de-la-asociacion-de-amigos-de-san-camilo","status":"publish","type":"post","link":"https:\/\/ascamil.org\/es\/primera-salida-en-el-tibidabo-de-la-asociacion-de-amigos-de-san-camilo\/","title":{"rendered":"Primera salida en el Tibidabo de la Asociaci\u00f3n de Amigos de San Camilo"},"content":{"rendered":"<p>Ayer hicimos la primera salida de la Asociaci\u00f3n en el park del Tibidabo. Tuvimos un d\u00eda explendido y todos nos lo pasamos muy bien. \u00a1Muchas gracias a todos los participantes por este d\u00eda tan especial! Ya estamos preparando la pr\u00f3xima pronto le informaremos!!  <img loading=\"lazy\" decoding=\"async\" class=\"alignnone size-medium wp-image-153\" src=\"http:\/\/www.ascamil.org\/wp-content\/uploads\/2016\/05\/Sortida-Tibidabo-maig-2016-300x225.jpg\" alt=\"Salida Tibidabo mayo 2016\" width=\"300\" height=\"225\"><\/p>\n","protected":false},"excerpt":{"rendered":"<p>Ayer hicimos la primera salida de la Asociaci\u00f3n en el park del Tibidabo. Tuvimos un d\u00eda explendido y todos nos lo pasamos muy bien. \u00a1Muchas gracias a todos los participantes por este d\u00eda tan especial! Ya estamos preparando la pr\u00f3xima pronto le informaremos!!<\/p>\n","protected":false},"author":2,"featured_media":718,"comment_status":"closed","ping_status":"closed","sticky":false,"template":"","format":"standard","meta":{"_et_pb_use_builder":"","_et_pb_old_content":"","_et_gb_content_width":"","footnotes":""},"categories":[1],"tags":[],"class_list":["post-716","post","type-post","status-publish","format-standard","has-post-thumbnail","hentry","category-sin-categoria"],"_links":{"self":[{"href":"https:\/\/ascamil.org\/es\/wp-json\/wp\/v2\/posts\/716","targetHints":{"allow":["GET"]}}],"collection":[{"href":"https:\/\/ascamil.org\/es\/wp-json\/wp\/v2\/posts"}],"about":[{"href":"https:\/\/ascamil.org\/es\/wp-json\/wp\/v2\/types\/post"}],"author":[{"embeddable":true,"href":"https:\/\/ascamil.org\/es\/wp-json\/wp\/v2\/users\/2"}],"replies":[{"embeddable":true,"href":"https:\/\/ascamil.org\/es\/wp-json\/wp\/v2\/comments?post=716"}],"version-history":[{"count":0,"href":"https:\/\/ascamil.org\/es\/wp-json\/wp\/v2\/posts\/716\/revisions"}],"wp:featuredmedia":[{"embeddable":true,"href":"https:\/\/ascamil.org\/es\/wp-json\/wp\/v2\/media\/718"}],"wp:attachment":[{"href":"https:\/\/ascamil.org\/es\/wp-json\/wp\/v2\/media?parent=716"}],"wp:term":[{"taxonomy":"category","embeddable":true,"href":"https:\/\/ascamil.org\/es\/wp-json\/wp\/v2\/categories?post=716"},{"taxonomy":"post_tag","embeddable":true,"href":"https:\/\/ascamil.org\/es\/wp-json\/wp\/v2\/tags?post=716"}],"curies":[{"name":"wp","href":"https:\/\/api.w.org\/{rel}","templated":true}]}}