{"id":712,"date":"2023-12-20T17:20:09","date_gmt":"2023-12-20T16:20:09","guid":{"rendered":"https:\/\/ascamil.org\/el-belen-vivente-de-la-torre-del-corcho-premio-arzo-2023-a-la-actividad-del-asociacionismo-cultural\/"},"modified":"2023-12-20T17:20:09","modified_gmt":"2023-12-20T16:20:09","slug":"el-belen-vivente-de-la-torre-del-corcho-premio-arzo-2023-a-la-actividad-del-asociacionismo-cultural","status":"publish","type":"post","link":"https:\/\/ascamil.org\/es\/el-belen-vivente-de-la-torre-del-corcho-premio-arzo-2023-a-la-actividad-del-asociacionismo-cultural\/","title":{"rendered":"EL BEL\u00c9N VIVENTE DE LA TORRE DEL CORCHO, PREMIO ARZO 2023 A LA ACTIVIDAD DEL ASOCIACIONISMO CULTURAL"},"content":{"rendered":"<p><img loading=\"lazy\" decoding=\"async\" class=\"alignnone wp-image-371\" src=\"http:\/\/www.ascamil.org\/wp-content\/uploads\/2023\/12\/Titular-Premi-Ar%C3%A7-Activitat-Assoc-Cultural-Torre-Del-Suro-2023-300x195.png\" alt=\"Titular Premio Ar\u00e7 Actividad Asoc Cultural Torre Del Corcho 2023\" width=\"408\" height=\"265\"><\/p>\n<p>El municipio de Alcanar (el Montsi\u00e0) acogi\u00f3 el pasado s\u00e1bado 18 de noviembre de 2023 la entrega de los&nbsp;<a href=\"https:\/\/www.ens.cat\/noticia\/convocats-els-vi-premis-antoni-carn-924\" target=\"_blank\" rel=\"noopener\">VI Premios Antoni Carn\u00e9<\/a> en un acto de celebraci\u00f3n y reivindicaci\u00f3n de la&nbsp;<b>cultura popular y asociacionismo cultural<\/b> . Los galardones, organizados por el <a href=\"https:\/\/www.ens.cat\/\">ENS del Associacionisme Cultural Catal\u00e0<\/a> , tienen como objetivo reivindicar las buenas pr\u00e1cticas de asociacionismo cultural, los beneficios culturales y sociales que aportan a su entorno, la gesti\u00f3n sostenible o la promoci\u00f3n de la cultura. <\/p>\n<p>Una edici\u00f3n m\u00e1s, Ar\u00e7 Cooperativa entreg\u00f3 el&nbsp;<a href=\"https:\/\/www.ens.cat\/premi\/premi-ar-cooperativa-a-lactivitat\">Premio Ar\u00e7 Cooperativa a la Actividad del Associacionisme Cultural Catal\u00e0<\/a> valorado en 1.000 \u20ac. El galard\u00f3n de este a\u00f1o lo recibi\u00f3 el &nbsp;<a href=\"https:\/\/www.pessebrevivent.cat\/\">Pesebre Viviente de la Torre del Corcho<\/a> , la \u00fanica iniciativa de este tipo protagonizada por personas con discapacidad intelectual provenientes del&nbsp;<a href=\"https:\/\/santcamil.org\/inici\/\">Taller Escuela Sant Camil<\/a> , en el barrio barcelon\u00e9s del Guinard\u00f3.<\/p>\n<p>El jurado reconoci\u00f3 la trayectoria de esta iniciativa que promueve \u00bb <strong>la inclusi\u00f3n<\/strong> de personas con discapacidad\u00bb y fomenta \u00abvalores como&nbsp;<b>la igualdad oportunidades y la solidaridad<\/b> en la cultura popular\u201d.<\/p>\n<p>Adem\u00e1s, el Bel\u00e9n Viviente de la Torre del Corcho fue el primero que se represent\u00f3 en la ciudad de Barcelona, \u200b\u200ben 1993, \u00a1as\u00ed que este a\u00f1o cumple 30 a\u00f1os de existencia!<\/p>\n<p>La comunidad de usuarios y familias del Taller Escuela Sant Camil estamos muy orgullosos de la tarea que realizan nuestros chicos y chicas junto con todo el personal del Taller y una ocasi\u00f3n como \u00e9sta merec\u00eda una buena celebraci\u00f3n, as\u00ed que con el apoyo del Taller y la Asociaci\u00f3n ASCAMIL se pudo organizar una salida de todo el d\u00eda que se convirti\u00f3 en toda una fiesta!<\/p>\n<p>El grupo se desplaz\u00f3 en autocar desde Barcelona para llegar primero a Deltebre, donde todos pudieron disfrutar de un paseo en barco por el Delta del Ebre. A continuaci\u00f3n siguieron hacia el Camping Vinar\u00f3s que les ofreci\u00f3 una c\u00e1lida acogida y un fant\u00e1stico almuerzo. <\/p>\n<p>Por la tarde, ya en Alcanar, nuestras chicas y chicos tuvieron la oportunidad de desahogarse y divertirse hasta la hora de entrega del premio, que celebraron con gran alegr\u00eda y emoci\u00f3n.<\/p>\n<p>Ahora, un a\u00f1o m\u00e1s, el pr\u00f3ximo 20 de diciembre a las 18h, nuestros belenistas volver\u00e1n a lucir sus ropas coloreadas en el m\u00e1gico entorno del bosque de la Torre del Corcho para hacernos revivir de nuevo el esp\u00edritu de la Navidad.<\/p>\n<p>\u00a1Ojal\u00e1 este buen trabajo permita conseguir futuros nuevos reconocimientos por nuestros chicos y chicas!<\/p>\n<p><img loading=\"lazy\" decoding=\"async\" class=\"alignnone size-medium wp-image-352\" src=\"http:\/\/www.ascamil.org\/wp-content\/uploads\/2023\/12\/Premi-Pessebre-Alcanar-181123-2-139x300.jpeg\" alt=\"Premio Bel\u00e9n Alcanar 181123 (2)\" width=\"139\" height=\"300\">&nbsp; &nbsp;&nbsp;<img loading=\"lazy\" decoding=\"async\" class=\"alignnone size-medium wp-image-351\" src=\"http:\/\/www.ascamil.org\/wp-content\/uploads\/2023\/12\/Premi-Pessebre-Alcanar-181123-1-139x300.jpeg\" alt=\"Premio Bel\u00e9n Alcanar 181123 (1)\" width=\"139\" height=\"300\">&nbsp;&nbsp;<img loading=\"lazy\" decoding=\"async\" class=\"alignnone size-medium wp-image-354\" src=\"http:\/\/www.ascamil.org\/wp-content\/uploads\/2023\/12\/Premi-Pessebre-Alcanar-181123-3-300x139.jpeg\" alt=\"Premio Bel\u00e9n Alcanar 181123 (3)\" width=\"300\" height=\"139\">&nbsp;&nbsp;<img loading=\"lazy\" decoding=\"async\" class=\"alignnone size-medium wp-image-364\" src=\"http:\/\/www.ascamil.org\/wp-content\/uploads\/2023\/12\/Premi-Pessebre-Alcanar-181123-13-139x300.jpeg\" alt=\"Premio Bel\u00e9n Alcanar 181123 (13)\" width=\"139\" height=\"300\">&nbsp;&nbsp;<img loading=\"lazy\" decoding=\"async\" class=\"alignnone size-medium wp-image-362\" src=\"http:\/\/www.ascamil.org\/wp-content\/uploads\/2023\/12\/Premi-Pessebre-Alcanar-181123-11-139x300.jpeg\" alt=\"Premio Bel\u00e9n Alcanar 181123 (11)\" width=\"139\" height=\"300\"><img loading=\"lazy\" decoding=\"async\" class=\"alignnone size-medium wp-image-367\" src=\"http:\/\/www.ascamil.org\/wp-content\/uploads\/2023\/12\/Premi-Pessebre-Alcanar-181123-16-300x139.jpeg\" alt=\"Premio Bel\u00e9n Alcanar 181123 (16)\" width=\"300\" height=\"139\">&nbsp;&nbsp;<img loading=\"lazy\" decoding=\"async\" class=\"alignnone size-medium wp-image-366\" src=\"http:\/\/www.ascamil.org\/wp-content\/uploads\/2023\/12\/Premi-Pessebre-Alcanar-181123-15-300x139.jpeg\" alt=\"Premio Bel\u00e9n Alcanar 181123 (15)\" width=\"300\" height=\"139\">&nbsp;&nbsp;<img loading=\"lazy\" decoding=\"async\" class=\"alignnone size-medium wp-image-365\" src=\"http:\/\/www.ascamil.org\/wp-content\/uploads\/2023\/12\/Premi-Pessebre-Alcanar-181123-14-139x300.jpeg\" alt=\"Premio Bel\u00e9n Alcanar 181123 (14)\" width=\"139\" height=\"300\">&nbsp;&nbsp;<img loading=\"lazy\" decoding=\"async\" class=\"alignnone size-medium wp-image-355\" src=\"http:\/\/www.ascamil.org\/wp-content\/uploads\/2023\/12\/Premi-Pessebre-Alcanar-181123-4-139x300.jpeg\" alt=\"Premio Bel\u00e9n Alcanar 181123 (4)\" width=\"139\" height=\"300\"><\/p>\n<p><img loading=\"lazy\" decoding=\"async\" class=\"alignnone size-medium wp-image-361\" src=\"http:\/\/www.ascamil.org\/wp-content\/uploads\/2023\/12\/Premi-Pessebre-Alcanar-181123-10-139x300.jpeg\" alt=\"Premio Bel\u00e9n Alcanar 181123 (10)\" width=\"139\" height=\"300\">&nbsp;&nbsp;<img loading=\"lazy\" decoding=\"async\" class=\"alignnone size-medium wp-image-356\" src=\"http:\/\/www.ascamil.org\/wp-content\/uploads\/2023\/12\/Premi-Pessebre-Alcanar-181123-5-300x139.jpeg\" alt=\"Premio Bel\u00e9n Alcanar 181123 (5)\" width=\"300\" height=\"139\">&nbsp;&nbsp;<img loading=\"lazy\" decoding=\"async\" class=\"alignnone size-medium wp-image-360\" src=\"http:\/\/www.ascamil.org\/wp-content\/uploads\/2023\/12\/Premi-Pessebre-Alcanar-181123-9-300x139.jpeg\" alt=\"Premio Bel\u00e9n Alcanar 181123 (9)\" width=\"300\" height=\"139\">&nbsp;&nbsp;<img loading=\"lazy\" decoding=\"async\" class=\"alignnone size-medium wp-image-357\" src=\"http:\/\/www.ascamil.org\/wp-content\/uploads\/2023\/12\/Premi-pessebre-Alcanar-181123-6-139x300.jpeg\" alt=\"Premio pesebre Alcanar 181123 (6)\" width=\"139\" height=\"300\"><\/p>\n<p><img loading=\"lazy\" decoding=\"async\" class=\"alignnone size-medium wp-image-358\" src=\"http:\/\/www.ascamil.org\/wp-content\/uploads\/2023\/12\/Premi-Pessebre-Alcanar-181123-7-139x300.jpeg\" alt=\"Premio Bel\u00e9n Alcanar 181123 (7)\" width=\"139\" height=\"300\">&nbsp;&nbsp;<img loading=\"lazy\" decoding=\"async\" class=\"alignnone size-medium wp-image-363\" src=\"http:\/\/www.ascamil.org\/wp-content\/uploads\/2023\/12\/Premi-Pessebre-Alcanar-181123-12-300x139.jpeg\" alt=\"Premio Bel\u00e9n Alcanar 181123 (12)\" width=\"300\" height=\"139\"><\/p>\n<div style=\"width: 480px;\" class=\"wp-video\"><video class=\"wp-video-shortcode\" id=\"video-712-1\" width=\"480\" height=\"864\" preload=\"metadata\" controls=\"controls\"><source type=\"video\/mp4\" src=\"http:\/\/www.ascamil.org\/wp-content\/uploads\/2023\/12\/Premi-Pessebre-Alcanar-181123-2.mp4?_=1\" \/><a href=\"http:\/\/www.ascamil.org\/wp-content\/uploads\/2023\/12\/Premi-Pessebre-Alcanar-181123-2.mp4\">http:\/\/www.ascamil.org\/wp-content\/uploads\/2023\/12\/Premi-Pessebre-Alcanar-181123-2.mp4<\/a><\/video><\/div>\n<div style=\"width: 848px;\" class=\"wp-video\"><video class=\"wp-video-shortcode\" id=\"video-712-2\" width=\"848\" height=\"480\" preload=\"metadata\" controls=\"controls\"><source type=\"video\/mp4\" src=\"http:\/\/www.ascamil.org\/wp-content\/uploads\/2023\/12\/Premi-Pessebre-Alcanar-181123-video-2.mp4?_=2\" \/><a href=\"http:\/\/www.ascamil.org\/wp-content\/uploads\/2023\/12\/Premi-Pessebre-Alcanar-181123-video-2.mp4\">http:\/\/www.ascamil.org\/wp-content\/uploads\/2023\/12\/Premi-Pessebre-Alcanar-181123-video-2.mp4<\/a><\/video><\/div>\n<div style=\"width: 848px;\" class=\"wp-video\"><video class=\"wp-video-shortcode\" id=\"video-712-3\" width=\"848\" height=\"480\" preload=\"metadata\" controls=\"controls\"><source type=\"video\/mp4\" src=\"http:\/\/www.ascamil.org\/wp-content\/uploads\/2023\/12\/Premi-Pessebre-Alcanar-181123-video-1.mp4?_=3\" \/><a href=\"http:\/\/www.ascamil.org\/wp-content\/uploads\/2023\/12\/Premi-Pessebre-Alcanar-181123-video-1.mp4\">http:\/\/www.ascamil.org\/wp-content\/uploads\/2023\/12\/Premi-Pessebre-Alcanar-181123-video-1.mp4<\/a><\/video><\/div>\n","protected":false},"excerpt":{"rendered":"<p>El municipio de Alcanar (el Montsi\u00e0) acogi\u00f3 el pasado s\u00e1bado 18 de noviembre de 2023 la entrega de los&nbsp;VI Premios Antoni Carn\u00e9 en un acto de celebraci\u00f3n y reivindicaci\u00f3n de la&nbsp;cultura popular y asociacionismo cultural . Los galardones, organizados por el ENS del Associacionisme Cultural Catal\u00e0 , tienen como objetivo reivindicar las buenas pr\u00e1cticas de [&hellip;]<\/p>\n","protected":false},"author":2,"featured_media":713,"comment_status":"closed","ping_status":"closed","sticky":false,"template":"","format":"standard","meta":{"_et_pb_use_builder":"","_et_pb_old_content":"","_et_gb_content_width":"","footnotes":""},"categories":[1],"tags":[],"class_list":["post-712","post","type-post","status-publish","format-standard","has-post-thumbnail","hentry","category-sin-categoria"],"_links":{"self":[{"href":"https:\/\/ascamil.org\/es\/wp-json\/wp\/v2\/posts\/712","targetHints":{"allow":["GET"]}}],"collection":[{"href":"https:\/\/ascamil.org\/es\/wp-json\/wp\/v2\/posts"}],"about":[{"href":"https:\/\/ascamil.org\/es\/wp-json\/wp\/v2\/types\/post"}],"author":[{"embeddable":true,"href":"https:\/\/ascamil.org\/es\/wp-json\/wp\/v2\/users\/2"}],"replies":[{"embeddable":true,"href":"https:\/\/ascamil.org\/es\/wp-json\/wp\/v2\/comments?post=712"}],"version-history":[{"count":0,"href":"https:\/\/ascamil.org\/es\/wp-json\/wp\/v2\/posts\/712\/revisions"}],"wp:featuredmedia":[{"embeddable":true,"href":"https:\/\/ascamil.org\/es\/wp-json\/wp\/v2\/media\/713"}],"wp:attachment":[{"href":"https:\/\/ascamil.org\/es\/wp-json\/wp\/v2\/media?parent=712"}],"wp:term":[{"taxonomy":"category","embeddable":true,"href":"https:\/\/ascamil.org\/es\/wp-json\/wp\/v2\/categories?post=712"},{"taxonomy":"post_tag","embeddable":true,"href":"https:\/\/ascamil.org\/es\/wp-json\/wp\/v2\/tags?post=712"}],"curies":[{"name":"wp","href":"https:\/\/api.w.org\/{rel}","templated":true}]}}