{"id":700,"date":"2024-04-16T23:15:02","date_gmt":"2024-04-16T21:15:02","guid":{"rendered":"https:\/\/ascamil.org\/la-nueva-fundacion-ascamil-vuelve-a-estar-bien-presente-la-diada-de-sant-jordi-2024\/"},"modified":"2025-09-30T10:28:12","modified_gmt":"2025-09-30T08:28:12","slug":"la-nueva-fundacion-ascamil-vuelve-a-estar-bien-presente-la-diada-de-sant-jordi-2024","status":"publish","type":"post","link":"https:\/\/ascamil.org\/es\/la-nueva-fundacion-ascamil-vuelve-a-estar-bien-presente-la-diada-de-sant-jordi-2024\/","title":{"rendered":"La NUEVA Fundaci\u00f3n ASCAMIL vuelve a estar bien presente la Diada de Sant Jordi 2024"},"content":{"rendered":"\n<p>\u00a1Ya estamos ultimando los \u00faltimos detalles de nuestra PARADA SOLIDARIA de Sant Jordi, situada una vez m\u00e1s en la esquina Rambla de Catalunya &#8211; Rosell\u00f3n de Barcelona!<\/p>\n\n<p>Un a\u00f1o m\u00e1s contaremos con  <\/p>\n\n<ul class=\"wp-block-list\">\n<li>M\u00e1s de 40 autores firmando sus nuevos libros  <\/li>\n\n\n\n<li>Extensa oferta de libros de dichos autores y otras novedades literarias recientes<\/li>\n\n\n\n<li>Magn\u00edfica oferta de rosas arregladas en bonitos envoltorios para felicitar la Diada de Sant Jordi<\/li>\n\n\n\n<li>Diversa oferta de preciosas manualidades elaboradas por nuestros chicos y chicas: Puntos de libro, agendas, pinos y otros  <\/li>\n<\/ul>\n\n<p>Os esperamos!!  <\/p>\n\n<p>Os animamos tambi\u00e9n a hacer su donativo para la <strong>Fundaci\u00f3n Privada por el apoyo de personas con discapacidad intelectual ASCAMIL<\/strong> con el principal objetivo de conseguir una VIVIENDA INCLUSIVA Y TUTELADA para nuestros chicos y chicas, que les permita alcanzar su sue\u00f1o de vivir una VIDA INDEPENDIENTE.<\/p>\n\n<p><\/p>\n\n<figure class=\"wp-block-embed is-type-video is-provider-youtube wp-block-embed-youtube wp-embed-aspect-4-3 wp-has-aspect-ratio\"><div class=\"wp-block-embed__wrapper\">\n<iframe loading=\"lazy\" title=\"VIDEO PRE SANT JORDI\" width=\"1080\" height=\"810\" src=\"https:\/\/www.youtube.com\/embed\/eIe-HBpFdTA?feature=oembed\"  allow=\"accelerometer; autoplay; clipboard-write; encrypted-media; gyroscope; picture-in-picture; web-share\" referrerpolicy=\"strict-origin-when-cross-origin\" allowfullscreen><\/iframe>\n<\/div><\/figure>\n\n<figure class=\"wp-block-image\"><img decoding=\"async\" src=\"http:\/\/www.ascamil.org\/wp-content\/uploads\/2024\/04\/f9031eae-753e-41ad-8c53-be1c421be5d4.jpeg\" alt=\"\" class=\"wp-image-412\"\/><\/figure>\n","protected":false},"excerpt":{"rendered":"<p>\u00a1Ya estamos ultimando los \u00faltimos detalles de nuestra PARADA SOLIDARIA de Sant Jordi, situada una vez m\u00e1s en la esquina Rambla de Catalunya &#8211; Rosell\u00f3n de Barcelona! Un a\u00f1o m\u00e1s contaremos con Os esperamos!! Os animamos tambi\u00e9n a hacer su donativo para la Fundaci\u00f3n Privada por el apoyo de personas con discapacidad intelectual ASCAMIL con [&hellip;]<\/p>\n","protected":false},"author":2,"featured_media":0,"comment_status":"closed","ping_status":"closed","sticky":false,"template":"","format":"standard","meta":{"_et_pb_use_builder":"","_et_pb_old_content":"","_et_gb_content_width":"","footnotes":""},"categories":[1],"tags":[24],"class_list":["post-700","post","type-post","status-publish","format-standard","hentry","category-sin-categoria","tag-san-jorge"],"_links":{"self":[{"href":"https:\/\/ascamil.org\/es\/wp-json\/wp\/v2\/posts\/700","targetHints":{"allow":["GET"]}}],"collection":[{"href":"https:\/\/ascamil.org\/es\/wp-json\/wp\/v2\/posts"}],"about":[{"href":"https:\/\/ascamil.org\/es\/wp-json\/wp\/v2\/types\/post"}],"author":[{"embeddable":true,"href":"https:\/\/ascamil.org\/es\/wp-json\/wp\/v2\/users\/2"}],"replies":[{"embeddable":true,"href":"https:\/\/ascamil.org\/es\/wp-json\/wp\/v2\/comments?post=700"}],"version-history":[{"count":1,"href":"https:\/\/ascamil.org\/es\/wp-json\/wp\/v2\/posts\/700\/revisions"}],"predecessor-version":[{"id":701,"href":"https:\/\/ascamil.org\/es\/wp-json\/wp\/v2\/posts\/700\/revisions\/701"}],"wp:attachment":[{"href":"https:\/\/ascamil.org\/es\/wp-json\/wp\/v2\/media?parent=700"}],"wp:term":[{"taxonomy":"category","embeddable":true,"href":"https:\/\/ascamil.org\/es\/wp-json\/wp\/v2\/categories?post=700"},{"taxonomy":"post_tag","embeddable":true,"href":"https:\/\/ascamil.org\/es\/wp-json\/wp\/v2\/tags?post=700"}],"curies":[{"name":"wp","href":"https:\/\/api.w.org\/{rel}","templated":true}]}}