{"id":698,"date":"2024-04-16T23:14:00","date_gmt":"2024-04-16T21:14:00","guid":{"rendered":"https:\/\/ascamil.org\/evolucionamos-la-asociacion-ascamil-se-convierte-en-fundacion-privada-por-el-apoyo-de-personas-con-discapacidad-intelectual-ascamil\/"},"modified":"2025-09-30T10:28:12","modified_gmt":"2025-09-30T08:28:12","slug":"evolucionamos-la-asociacion-ascamil-se-convierte-en-fundacion-privada-por-el-apoyo-de-personas-con-discapacidad-intelectual-ascamil","status":"publish","type":"post","link":"https:\/\/ascamil.org\/es\/evolucionamos-la-asociacion-ascamil-se-convierte-en-fundacion-privada-por-el-apoyo-de-personas-con-discapacidad-intelectual-ascamil\/","title":{"rendered":"\u00a1Evolucionamos! La asociaci\u00f3n ASCAMIL se convierte en FUNDACI\u00d3N PRIVADA POR EL APOYO DE PERSONAS CON DISCAPACIDAD INTELECTUAL ASCAMIL"},"content":{"rendered":"\n<p>Durante la pasada asamblea del 20 de febrero, qued\u00f3 aprobada por unanimidad de los asistentes, la transformaci\u00f3n de nuestra asociaci\u00f3n en FUNDACI\u00d3N.<\/p>\n\n<p>Entre las principales finalidades de la asociaci\u00f3n se encuentra la de mejorar la calidad de vida de las personas con discapacidad intelectual, siendo sus finalidades claramente sin \u00e1nimo de lucro. Dado que su objetivo es destinar sus rendimientos y recursos obtenidos al cumplimiento de fines de inter\u00e9s general, se considera que la figura de Fundaci\u00f3n es la m\u00e1s adecuada. <\/p>\n\n<p>La Fundaci\u00f3n, por tanto, sigue siendo tambi\u00e9n una entidad sin \u00e1nimo de lucro que tiene el patrimonio, los rendimientos y los recursos obtenidos afectados de forma permanente a la realizaci\u00f3n de las finalidades de inter\u00e9s general previstas en sus estatutos. La Fundaci\u00f3n se denomina FUNDACI\u00d3N PRIVADA POR EL APOYO DE PERSONAS CON DISCAPACIDAD INTELECTUAL ASCAMIL. <\/p>\n\n<p>Nuestra fundaci\u00f3n tiene vocaci\u00f3n de permanencia y se constituye con duraci\u00f3n indefinida.<\/p>\n\n<p><\/p>\n\n<p><\/p>\n","protected":false},"excerpt":{"rendered":"<p>Durante la pasada asamblea del 20 de febrero, qued\u00f3 aprobada por unanimidad de los asistentes, la transformaci\u00f3n de nuestra asociaci\u00f3n en FUNDACI\u00d3N. Entre las principales finalidades de la asociaci\u00f3n se encuentra la de mejorar la calidad de vida de las personas con discapacidad intelectual, siendo sus finalidades claramente sin \u00e1nimo de lucro. Dado que su [&hellip;]<\/p>\n","protected":false},"author":2,"featured_media":0,"comment_status":"closed","ping_status":"closed","sticky":false,"template":"","format":"standard","meta":{"_et_pb_use_builder":"","_et_pb_old_content":"","_et_gb_content_width":"","footnotes":""},"categories":[1],"tags":[],"class_list":["post-698","post","type-post","status-publish","format-standard","hentry","category-sin-categoria"],"_links":{"self":[{"href":"https:\/\/ascamil.org\/es\/wp-json\/wp\/v2\/posts\/698","targetHints":{"allow":["GET"]}}],"collection":[{"href":"https:\/\/ascamil.org\/es\/wp-json\/wp\/v2\/posts"}],"about":[{"href":"https:\/\/ascamil.org\/es\/wp-json\/wp\/v2\/types\/post"}],"author":[{"embeddable":true,"href":"https:\/\/ascamil.org\/es\/wp-json\/wp\/v2\/users\/2"}],"replies":[{"embeddable":true,"href":"https:\/\/ascamil.org\/es\/wp-json\/wp\/v2\/comments?post=698"}],"version-history":[{"count":1,"href":"https:\/\/ascamil.org\/es\/wp-json\/wp\/v2\/posts\/698\/revisions"}],"predecessor-version":[{"id":699,"href":"https:\/\/ascamil.org\/es\/wp-json\/wp\/v2\/posts\/698\/revisions\/699"}],"wp:attachment":[{"href":"https:\/\/ascamil.org\/es\/wp-json\/wp\/v2\/media?parent=698"}],"wp:term":[{"taxonomy":"category","embeddable":true,"href":"https:\/\/ascamil.org\/es\/wp-json\/wp\/v2\/categories?post=698"},{"taxonomy":"post_tag","embeddable":true,"href":"https:\/\/ascamil.org\/es\/wp-json\/wp\/v2\/tags?post=698"}],"curies":[{"name":"wp","href":"https:\/\/api.w.org\/{rel}","templated":true}]}}