{"id":1077,"date":"2026-04-14T16:20:22","date_gmt":"2026-04-14T14:20:22","guid":{"rendered":"https:\/\/ascamil.org\/la-fundacion-ascamil-se-prepara-para-un-sant-jordi-pleno-de-rosas-libros-y-solidaridad\/"},"modified":"2026-04-14T17:28:03","modified_gmt":"2026-04-14T15:28:03","slug":"la-fundacion-ascamil-se-prepara-para-un-sant-jordi-pleno-de-rosas-libros-y-solidaridad","status":"publish","type":"post","link":"https:\/\/ascamil.org\/es\/la-fundacion-ascamil-se-prepara-para-un-sant-jordi-pleno-de-rosas-libros-y-solidaridad\/","title":{"rendered":"\u00a1LA FUNDACI\u00d3N ASCAMIL SE PREPARA PARA UN SANT JORDI PLENO DE ROSAS, LIBROS Y SOLIDARIDAD!"},"content":{"rendered":"\n[et_pb_section][et_pb_row][et_pb_column type=\u00bb4_4&#8243;][et_pb_text]<!-- divi:paragraph -->\n<p>En la Fundaci\u00f3n estamos viviendo d\u00edas llenos de ilusi\u00f3n y mucha actividad! \ud83c\udf39\ud83d\udcda Ya estamos inmersos en todos los preparativos para la puesta en marcha de nuestra tradicional <strong>Parada solid\u00e0ria de Sant Jordi<\/strong>, uno de los momentos m\u00e1s especiales del a\u00f1o para nosotros. <strong><\/strong><\/p>\n<!-- \/divi:paragraph -->\n\n<!-- divi:paragraph -->\n<p>Como ya es tradici\u00f3n, estamos invitando a m\u00e1s de <strong>40 autores i autoras<\/strong> para que nos acompa\u00f1en a lo largo de La Diada de Sant Jordi, firmando sus libros y compartiendo este d\u00eda tan \u00fanico con los lectores y las lectoras. Adem\u00e1s nuestra parada estar\u00e1 repleta de preciosas <strong>rosas, libros y manualidades de Sant Jordi<\/strong>, elaboradas con mucho cari\u00f1o por nuestros chicos y chicas del Taller Sant Camil y pensados para todos los gustos. <\/p>\n<!-- \/divi:paragraph -->\n\n<!-- divi:paragraph -->\n<p>Nos encantar\u00e1 recibir la visita de muchas personas que quieran compartir esta Diada con nosotros. Cada rosa, cada libro y cada aportaci\u00f3n suman y nos ayudan a continuar avanzando hacia un sue\u00f1o muy importante: <strong>Hacer realidad nuestro Hogar Residencia que tanto desean nuestros hijos e hijas del Taller Ocupacional Sant Camil<\/strong>. \u00a1Os esperamos con los brazos abiertos! \ud83d\udc99 <\/p>\n<!-- \/divi:paragraph -->\n\n<!-- divi:image {\"id\":1048,\"sizeSlug\":\"large\",\"linkDestination\":\"none\"} -->\n<figure class=\"wp-block-image size-large\"><img loading=\"lazy\" decoding=\"async\" width=\"1024\" height=\"473\" src=\"https:\/\/ascamil.org\/wp-content\/uploads\/2026\/04\/Sant-Jordi-7-1024x473.jpg\" alt=\"\" class=\"wp-image-1048\" srcset=\"https:\/\/ascamil.org\/wp-content\/uploads\/2026\/04\/Sant-Jordi-7-980x453.jpg 980w, https:\/\/ascamil.org\/wp-content\/uploads\/2026\/04\/Sant-Jordi-7-480x222.jpg 480w\" sizes=\"(min-width: 0px) and (max-width: 480px) 480px, (min-width: 481px) and (max-width: 980px) 980px, (min-width: 981px) 1024px, 100vw\" \/><\/figure>\n<!-- \/divi:image -->\n\n<!-- divi:image {\"id\":1047,\"sizeSlug\":\"large\",\"linkDestination\":\"none\"} -->\n<figure class=\"wp-block-image size-large\"><img loading=\"lazy\" decoding=\"async\" width=\"1024\" height=\"461\" src=\"https:\/\/ascamil.org\/wp-content\/uploads\/2026\/04\/Sant-Jordi-5-1024x461.jpg\" alt=\"\" class=\"wp-image-1047\" srcset=\"https:\/\/ascamil.org\/wp-content\/uploads\/2026\/04\/Sant-Jordi-5-980x441.jpg 980w, https:\/\/ascamil.org\/wp-content\/uploads\/2026\/04\/Sant-Jordi-5-480x216.jpg 480w\" sizes=\"(min-width: 0px) and (max-width: 480px) 480px, (min-width: 481px) and (max-width: 980px) 980px, (min-width: 981px) 1024px, 100vw\" \/><\/figure>\n<!-- \/divi:image -->\n\n<!-- divi:image {\"id\":1034,\"sizeSlug\":\"large\",\"linkDestination\":\"none\"} -->\n<figure class=\"wp-block-image size-large\"><img loading=\"lazy\" decoding=\"async\" width=\"1024\" height=\"473\" src=\"https:\/\/ascamil.org\/wp-content\/uploads\/2026\/04\/Foto-Sant-Jordi-amb-Quim-Llisorgas-1024x473.jpg\" alt=\"\" class=\"wp-image-1034\" srcset=\"https:\/\/ascamil.org\/wp-content\/uploads\/2026\/04\/Foto-Sant-Jordi-amb-Quim-Llisorgas-980x452.jpg 980w, https:\/\/ascamil.org\/wp-content\/uploads\/2026\/04\/Foto-Sant-Jordi-amb-Quim-Llisorgas-480x221.jpg 480w\" sizes=\"(min-width: 0px) and (max-width: 480px) 480px, (min-width: 481px) and (max-width: 980px) 980px, (min-width: 981px) 1024px, 100vw\" \/><\/figure>\n<!-- \/divi:image -->\n\n<!-- divi:image {\"id\":1033,\"sizeSlug\":\"large\",\"linkDestination\":\"none\"} -->\n<figure class=\"wp-block-image size-large\"><img loading=\"lazy\" decoding=\"async\" width=\"1024\" height=\"473\" src=\"https:\/\/ascamil.org\/wp-content\/uploads\/2026\/04\/758104f3-01c7-4bc8-a0e4-4027a9db6813-1024x473.jpg\" alt=\"\" class=\"wp-image-1033\" srcset=\"https:\/\/ascamil.org\/wp-content\/uploads\/2026\/04\/758104f3-01c7-4bc8-a0e4-4027a9db6813-980x453.jpg 980w, https:\/\/ascamil.org\/wp-content\/uploads\/2026\/04\/758104f3-01c7-4bc8-a0e4-4027a9db6813-480x222.jpg 480w\" sizes=\"(min-width: 0px) and (max-width: 480px) 480px, (min-width: 481px) and (max-width: 980px) 980px, (min-width: 981px) 1024px, 100vw\" \/><\/figure>\n<!-- \/divi:image -->[\/et_pb_text][\/et_pb_column][\/et_pb_row][\/et_pb_section]\n","protected":false},"excerpt":{"rendered":"<p><div class=\"et_pb_section et_pb_section_0 et_section_regular\" >\n\t\t\t\t\n\t\t\t\t\n\t\t\t\t\n\t\t\t\t\n\t\t\t\t\n\t\t\t\t\n\t\t\t\t\n\t\t\t\t\n\t\t\t\t\n\t\t\t<\/div><div class=\"et_pb_row et_pb_row_0 et_pb_row_empty\">\n\t\t\t\t\n\t\t\t\t\n\t\t\t\t\n\t\t\t\t\n\t\t\t\t\n\t\t\t<\/div><div class=\"et_pb_module et_pb_text et_pb_text_0  et_pb_text_align_left et_pb_bg_layout_light\">\n\t\t\t\t\n\t\t\t\t\n\t\t\t\t\n\t\t\t\t\n\t\t\t\t\n\t\t\t<\/div> En la Fundaci\u00f3n estamos viviendo d\u00edas llenos de ilusi\u00f3n y mucha actividad! \ud83c\udf39\ud83d\udcda Ya estamos inmersos en todos los preparativos para la puesta en marcha de nuestra tradicional Parada solid\u00e0ria de Sant Jordi, uno de los momentos m\u00e1s especiales del a\u00f1o para nosotros. Como ya es tradici\u00f3n, estamos invitando a m\u00e1s de 40 autores i autoras para que nos acompa\u00f1en a lo largo de La Diada de Sant Jordi, firmando sus libros y compartiendo este d\u00eda tan \u00fanico con los lectores y las lectoras. Adem\u00e1s nuestra parada estar\u00e1 repleta de preciosas rosas, libros y manualidades de Sant Jordi, elaboradas con mucho cari\u00f1o por nuestros chicos y chicas del Taller Sant Camil y pensados para todos los gustos. Nos encantar\u00e1 recibir la visita de muchas personas que quieran compartir esta Diada con nosotros. Cada rosa, cada libro y cada aportaci\u00f3n suman y nos ayudan a continuar avanzando hacia un sue\u00f1o muy importante: Hacer realidad nuestro Hogar Residencia que tanto desean nuestros hijos e hijas del Taller Ocupacional Sant Camil. \u00a1Os esperamos con los brazos abiertos! \ud83d\udc99<\/p>\n","protected":false},"author":1,"featured_media":1076,"comment_status":"closed","ping_status":"closed","sticky":false,"template":"","format":"standard","meta":{"_et_pb_use_builder":"on","_et_pb_old_content":"","_et_gb_content_width":"","footnotes":""},"categories":[23],"tags":[24],"class_list":["post-1077","post","type-post","status-publish","format-standard","has-post-thumbnail","hentry","category-san-jorge","tag-san-jorge"],"_links":{"self":[{"href":"https:\/\/ascamil.org\/es\/wp-json\/wp\/v2\/posts\/1077","targetHints":{"allow":["GET"]}}],"collection":[{"href":"https:\/\/ascamil.org\/es\/wp-json\/wp\/v2\/posts"}],"about":[{"href":"https:\/\/ascamil.org\/es\/wp-json\/wp\/v2\/types\/post"}],"author":[{"embeddable":true,"href":"https:\/\/ascamil.org\/es\/wp-json\/wp\/v2\/users\/1"}],"replies":[{"embeddable":true,"href":"https:\/\/ascamil.org\/es\/wp-json\/wp\/v2\/comments?post=1077"}],"version-history":[{"count":1,"href":"https:\/\/ascamil.org\/es\/wp-json\/wp\/v2\/posts\/1077\/revisions"}],"predecessor-version":[{"id":1084,"href":"https:\/\/ascamil.org\/es\/wp-json\/wp\/v2\/posts\/1077\/revisions\/1084"}],"wp:featuredmedia":[{"embeddable":true,"href":"https:\/\/ascamil.org\/es\/wp-json\/wp\/v2\/media\/1076"}],"wp:attachment":[{"href":"https:\/\/ascamil.org\/es\/wp-json\/wp\/v2\/media?parent=1077"}],"wp:term":[{"taxonomy":"category","embeddable":true,"href":"https:\/\/ascamil.org\/es\/wp-json\/wp\/v2\/categories?post=1077"},{"taxonomy":"post_tag","embeddable":true,"href":"https:\/\/ascamil.org\/es\/wp-json\/wp\/v2\/tags?post=1077"}],"curies":[{"name":"wp","href":"https:\/\/api.w.org\/{rel}","templated":true}]}}